{"id":15,"date":"2018-10-02T07:31:00","date_gmt":"2018-10-02T07:31:00","guid":{"rendered":""},"modified":"2022-01-20T05:45:49","modified_gmt":"2022-01-20T05:45:49","slug":"french-singer-charles-aznavour-died-at-94","status":"publish","type":"post","link":"https:\/\/french-and-france.com\/?p=15","title":{"rendered":"French singer Charles Aznavour died at 94"},"content":{"rendered":"<div style=\"text-align: justify;\">Charles Aznavour, l&#8217;un des plus grands chanteurs fran\u00e7ais, est d\u00e9c\u00e9d\u00e9 le premier octobre 2018. Il avait 94 ans. Voici une de ses plus c\u00e9l\u00e8bres chansons, <i>Emmenez-moi<\/i>, pour lui rendre hommage.<\/div>\n<div style=\"text-align: justify;\"><span style=\"color: #674ea7;\">Charles Aznavour, one of the greatest French singers, died on October 1, 2018. He was 94 years old. Here is one of his most famous songs, <\/span><i style=\"color: #674ea7;\">Take me along<\/i><span style=\"color: #674ea7;\">, to pay tribute to him.<\/span><\/div>\n<div style=\"text-align: justify;\"><\/div>\n<div style=\"text-align: justify;\">La vid\u00e9o avec les paroles en fran\u00e7ais.<\/div>\n<div style=\"text-align: justify;\"><span style=\"color: #674ea7;\">The video with the lyrics in French.<\/span><\/div>\n<p>For the lyrics in English, go to:&nbsp;<a href=\"https:\/\/genius.com\/Charles-aznavour-take-me-along-lyrics\" rel=\"nofollow noopener\" target=\"_blank\">https:\/\/genius.com\/Charles-aznavour-take-me-along-lyrics<\/a><\/p>\n<p><iframe loading=\"lazy\" allow=\"autoplay; encrypted-media\" allowfullscreen=\"\" frameborder=\"0\" height=\"315\" src=\"https:\/\/www.youtube.com\/embed\/e0j3Ve05TqQ?rel=0\" width=\"560\"><\/iframe> Author of the video: <a href=\"https:\/\/www.youtube.com\/channel\/UCFIfDGGuLj9RSAvc8RPMwXw\/feed\" rel=\"nofollow noopener\" target=\"_blank\">thabet tlili<\/a><\/p>\n","protected":false},"excerpt":{"rendered":"<p>Charles Aznavour, l&#8217;un des plus grands chanteurs fran\u00e7ais, est d\u00e9c\u00e9d\u00e9 le premier octobre 2018. Il avait 94 ans. Voici une de ses plus c\u00e9l\u00e8bres chansons, [&#8230;]<\/p>\n","protected":false},"author":2,"featured_media":0,"comment_status":"open","ping_status":"closed","sticky":false,"template":"","format":"standard","meta":{"_jetpack_memberships_contains_paid_content":false,"footnotes":""},"categories":[40,39,10,38,41,42,43],"tags":[],"class_list":["post-15","post","type-post","status-publish","format-standard","hentry","category-aznavour","category-chanson","category-french","category-lyrics","category-paolres","category-song","category-video"],"aioseo_notices":[],"jetpack_featured_media_url":"","jetpack_sharing_enabled":true,"_links":{"self":[{"href":"https:\/\/french-and-france.com\/index.php?rest_route=\/wp\/v2\/posts\/15","targetHints":{"allow":["GET"]}}],"collection":[{"href":"https:\/\/french-and-france.com\/index.php?rest_route=\/wp\/v2\/posts"}],"about":[{"href":"https:\/\/french-and-france.com\/index.php?rest_route=\/wp\/v2\/types\/post"}],"author":[{"embeddable":true,"href":"https:\/\/french-and-france.com\/index.php?rest_route=\/wp\/v2\/users\/2"}],"replies":[{"embeddable":true,"href":"https:\/\/french-and-france.com\/index.php?rest_route=%2Fwp%2Fv2%2Fcomments&post=15"}],"version-history":[{"count":0,"href":"https:\/\/french-and-france.com\/index.php?rest_route=\/wp\/v2\/posts\/15\/revisions"}],"wp:attachment":[{"href":"https:\/\/french-and-france.com\/index.php?rest_route=%2Fwp%2Fv2%2Fmedia&parent=15"}],"wp:term":[{"taxonomy":"category","embeddable":true,"href":"https:\/\/french-and-france.com\/index.php?rest_route=%2Fwp%2Fv2%2Fcategories&post=15"},{"taxonomy":"post_tag","embeddable":true,"href":"https:\/\/french-and-france.com\/index.php?rest_route=%2Fwp%2Fv2%2Ftags&post=15"}],"curies":[{"name":"wp","href":"https:\/\/api.w.org\/{rel}","templated":true}]}}