{"id":36,"date":"2016-09-05T09:37:00","date_gmt":"2016-09-05T09:37:00","guid":{"rendered":"https:\/\/french-and-france.com\/?p=36"},"modified":"2016-09-05T09:37:00","modified_gmt":"2016-09-05T09:37:00","slug":"voyage-en-alsace-travel-in-alsace","status":"publish","type":"post","link":"https:\/\/french-and-france.com\/?p=36","title":{"rendered":"Voyage en Alsace \/ Travel in Alsace"},"content":{"rendered":"<p><b>Fran\u00e7ais (English below)<\/b><\/p>\n<div style=\"text-align: justify;\">Fin ao\u00fbt, ma famille et moi sommes all\u00e9s passer quelques jours en Alsace.<\/div>\n<p><\/p>\n<div style=\"text-align: justify;\">Nous avons visit\u00e9 Strasbourg, Colmar et le joli village de Riquewhir.<\/p>\n<\/div>\n<div style=\"text-align: justify;\">Strasbourg est la capitale de la r\u00e9gion l&#8217;Alsace. C&#8217;est une grande ville situ\u00e9e au bord du Rhin qui la s\u00e9pare de l&#8217;Allemagne.<\/div>\n<div style=\"text-align: justify;\">\n<table align=\"center\" cellpadding=\"0\" cellspacing=\"0\" style=\"margin-left: auto; margin-right: auto; text-align: justify;\">\n<tbody>\n<tr>\n<td style=\"text-align: center;\"><a href=\"https:\/\/i0.wp.com\/1.bp.blogspot.com\/-n9otQCSFra8\/V802dfg7sGI\/AAAAAAAACB4\/nFw8tOOgjFsm-1A8yQmGkveo89tm30OkQCLcB\/s1600\/20160825_162700%255B1%255D.jpg?ssl=1\" style=\"clear: left; margin-bottom: 1em; margin-left: auto; margin-right: auto;\"><img data-recalc-dims=\"1\" loading=\"lazy\" decoding=\"async\" border=\"0\" height=\"180\" src=\"https:\/\/i0.wp.com\/1.bp.blogspot.com\/-n9otQCSFra8\/V802dfg7sGI\/AAAAAAAACB4\/nFw8tOOgjFsm-1A8yQmGkveo89tm30OkQCLcB\/s320\/20160825_162700%255B1%255D.jpg?resize=320%2C180&#038;ssl=1\" width=\"320\" \/><\/a><\/td>\n<\/tr>\n<tr>\n<td style=\"text-align: center;\">La cath\u00e9drale de Strasbourg<\/td>\n<\/tr>\n<\/tbody>\n<\/table>\n<p>Nous avons visit\u00e9 le centre de la ville et la cath\u00e9drale gothique.<\/p><\/div>\n<div style=\"text-align: justify;\"><\/div>\n<div style=\"text-align: justify;\">Ensuite, nous nous sommes rendus dans le pittoresque quartier de la Petite France.<\/div>\n<div style=\"text-align: justify;\"><\/div>\n<div style=\"text-align: justify;\">\n<table align=\"center\" cellpadding=\"0\" cellspacing=\"0\" style=\"margin-left: auto; margin-right: auto; text-align: justify;\">\n<tbody>\n<tr>\n<td style=\"text-align: center;\"><a href=\"https:\/\/i0.wp.com\/2.bp.blogspot.com\/-qII8UWWXGDQ\/V8027_Ow_fI\/AAAAAAAACB8\/iflOsfR5GG4A4d_SSHUD_fyps9dmTNt9wCLcB\/s1600\/20160828_131537_HDR%255B1%255D.jpg?ssl=1\" style=\"clear: left; margin-bottom: 1em; margin-left: auto; margin-right: auto;\"><img data-recalc-dims=\"1\" loading=\"lazy\" decoding=\"async\" border=\"0\" height=\"180\" src=\"https:\/\/i0.wp.com\/2.bp.blogspot.com\/-qII8UWWXGDQ\/V8027_Ow_fI\/AAAAAAAACB8\/iflOsfR5GG4A4d_SSHUD_fyps9dmTNt9wCLcB\/s320\/20160828_131537_HDR%255B1%255D.jpg?resize=320%2C180&#038;ssl=1\" width=\"320\" \/><\/a><\/td>\n<\/tr>\n<tr>\n<td style=\"text-align: center;\">La Petite France<\/td>\n<\/tr>\n<\/tbody>\n<\/table>\n<p>Colmar, la \u00ab capitale des vins d&#8217;Alsace \u00bb, se situe \u00e0 environ trente minutes en train au sud de Strasbourg. Son patrimoine architectural est magnifique. D\u00e9ambuler dans les rues de la cit\u00e9 est un r\u00e9el plaisir.<\/p><\/div>\n<div style=\"text-align: justify;\">\n<table align=\"center\" cellpadding=\"0\" cellspacing=\"0\" style=\"margin-left: auto; margin-right: auto; text-align: justify;\">\n<tbody>\n<tr>\n<td style=\"text-align: center;\"><a href=\"https:\/\/i0.wp.com\/1.bp.blogspot.com\/-rdbJfdM35k4\/V806EXr3EaI\/AAAAAAAACCU\/-mFq9PMmnSwF2UcK6uXQvZgsqBqImS1lQCLcB\/s1600\/20160826_135705%255B1%255D.jpg?ssl=1\" style=\"clear: left; margin-bottom: 1em; margin-left: auto; margin-right: auto;\"><img data-recalc-dims=\"1\" loading=\"lazy\" decoding=\"async\" border=\"0\" height=\"180\" src=\"https:\/\/i0.wp.com\/1.bp.blogspot.com\/-rdbJfdM35k4\/V806EXr3EaI\/AAAAAAAACCU\/-mFq9PMmnSwF2UcK6uXQvZgsqBqImS1lQCLcB\/s320\/20160826_135705%255B1%255D.jpg?resize=320%2C180&#038;ssl=1\" width=\"320\" \/><\/a><\/td>\n<\/tr>\n<tr>\n<td style=\"text-align: center;\">Colmar, la petite Venise<\/td>\n<\/tr>\n<\/tbody>\n<\/table>\n<p>Riquewihr, \u00e0 vingt minutes de Colmar au nord-ouest, est un des plus beaux villages de France. Les b\u00e2timents sont magnifiques et vous transporte dans le temps jusqu&#8217;au XVIe si\u00e8cle !<\/p><\/div>\n<div style=\"text-align: justify;\">\n<table align=\"center\" cellpadding=\"0\" cellspacing=\"0\" style=\"margin-left: auto; margin-right: auto; text-align: justify;\">\n<tbody>\n<tr>\n<td style=\"text-align: center;\"><a href=\"https:\/\/i0.wp.com\/1.bp.blogspot.com\/-sGtYPqp2CNI\/V806h94NK3I\/AAAAAAAACCY\/2hmAmYoZQwsNRqY7dYPvFj01R1CtWrnLACLcB\/s1600\/20160827_111559%257E2%255B1%255D.jpg?ssl=1\" style=\"clear: left; margin-bottom: 1em; margin-left: auto; margin-right: auto;\"><img data-recalc-dims=\"1\" loading=\"lazy\" decoding=\"async\" border=\"0\" height=\"320\" src=\"https:\/\/i0.wp.com\/1.bp.blogspot.com\/-sGtYPqp2CNI\/V806h94NK3I\/AAAAAAAACCY\/2hmAmYoZQwsNRqY7dYPvFj01R1CtWrnLACLcB\/s320\/20160827_111559%257E2%255B1%255D.jpg?resize=182%2C320&#038;ssl=1\" width=\"182\" \/><\/a><\/td>\n<\/tr>\n<tr>\n<td style=\"text-align: center;\">Riquewihr<\/td>\n<\/tr>\n<\/tbody>\n<\/table>\n<p>Comme le village est en plein c\u0153ur du vignoble alsacien, on peut y trouver de nombreux producteurs de vins. Les offres de d\u00e9gustations sont nombreuses et raviront les amoureux du vin. Ma femme et moi avons pu go\u00fbter un excellent Riesling grand cru schoenenbourg et un tr\u00e8s bon Pinot gris.<\/p><\/div>\n<div style=\"text-align: justify;\"><\/div>\n<div style=\"text-align: justify;\">La cuisine alsacienne est riche et d\u00e9licieuse. Parmi ses diverses sp\u00e9cialit\u00e9s, nous avons pu manger de la tarte flamb\u00e9e et de la choucroute.<\/div>\n<table cellpadding=\"0\" cellspacing=\"0\" style=\"float: left; margin-right: 1em; text-align: justify;\">\n<tbody>\n<tr>\n<td style=\"text-align: center;\"><a href=\"https:\/\/i0.wp.com\/3.bp.blogspot.com\/-q9BwNvcJosc\/V807XLFWFWI\/AAAAAAAACCg\/B4t4qB3cVe4bCbKc3qtj7TyC9Is6vK_sACLcB\/s1600\/20160827_121155%255B1%255D.jpg?ssl=1\" style=\"clear: left; margin-bottom: 1em; margin-left: auto; margin-right: auto;\"><img data-recalc-dims=\"1\" loading=\"lazy\" decoding=\"async\" border=\"0\" height=\"180\" src=\"https:\/\/i0.wp.com\/3.bp.blogspot.com\/-q9BwNvcJosc\/V807XLFWFWI\/AAAAAAAACCg\/B4t4qB3cVe4bCbKc3qtj7TyC9Is6vK_sACLcB\/s320\/20160827_121155%255B1%255D.jpg?resize=320%2C180&#038;ssl=1\" width=\"320\" \/><\/a><\/td>\n<\/tr>\n<tr>\n<td style=\"text-align: center;\">Tarte flamb\u00e9e<\/td>\n<\/tr>\n<\/tbody>\n<\/table>\n<div style=\"clear: both; text-align: justify;\"><\/div>\n<p><\/p>\n<div style=\"text-align: justify;\"><span style=\"font-weight: bold;\"><br \/><\/span><\/div>\n<p><b>English<\/b><\/p>\n<p>In late August, my family and I spent a few days in Alsace.<br \/>We visited Strasbourg, Colmar and the pretty village of Riquewihr.<br \/>Strasbourg is the capital of the Alsace region. It is a large town on the Rhine, which separates from Germany.<br \/>We visited the center of the city and the Gothic cathedral. Then we went in the picturesque district of Petite France.<\/p>\n<p>Colmar, the &#8220;capital of Alsace wine&#8221;, is located about thirty minutes by train to the south of Strasbourg. Its architectural heritage is beautiful. Strolling the streets of the city is a real pleasure.<\/p>\n<p>Riquewihr, twenty minutes from Colmar northwest, is one of the most beautiful villages in France. The buildings are beautiful and transports you back in time to the sixteenth century!<br \/>As the village is in the heart of a vineyard, one can find many wine producers. Tastings offers are many and will delight wine lovers. My wife and I were able to taste an excellent Riesling Grand Cru Schoenenbourg and a very good Pinot gris.<\/p>\n<p>Alsatian cuisine is rich and delicious. Among its various specialties, we could eat a <a href=\"https:\/\/en.wikipedia.org\/wiki\/Tarte_flamb%C3%A9e\" rel=\"nofollow noopener\" target=\"_blank\" title=\"explanation in English\">tarte flamb\u00e9e<\/a> and sauerkraut.<\/p>\n","protected":false},"excerpt":{"rendered":"<p>Fran\u00e7ais (English below) Fin ao\u00fbt, ma famille et moi sommes all\u00e9s passer quelques jours en Alsace. Nous avons visit\u00e9 Strasbourg, Colmar et le joli village [&#8230;]<\/p>\n","protected":false},"author":2,"featured_media":0,"comment_status":"open","ping_status":"closed","sticky":false,"template":"","format":"standard","meta":{"_jetpack_memberships_contains_paid_content":false,"footnotes":""},"categories":[72,26,10,83,82],"tags":[],"class_list":["post-36","post","type-post","status-publish","format-standard","hentry","category-civilization","category-france","category-french","category-pictures","category-reading"],"aioseo_notices":[],"jetpack_featured_media_url":"","jetpack_sharing_enabled":true,"_links":{"self":[{"href":"https:\/\/french-and-france.com\/index.php?rest_route=\/wp\/v2\/posts\/36","targetHints":{"allow":["GET"]}}],"collection":[{"href":"https:\/\/french-and-france.com\/index.php?rest_route=\/wp\/v2\/posts"}],"about":[{"href":"https:\/\/french-and-france.com\/index.php?rest_route=\/wp\/v2\/types\/post"}],"author":[{"embeddable":true,"href":"https:\/\/french-and-france.com\/index.php?rest_route=\/wp\/v2\/users\/2"}],"replies":[{"embeddable":true,"href":"https:\/\/french-and-france.com\/index.php?rest_route=%2Fwp%2Fv2%2Fcomments&post=36"}],"version-history":[{"count":0,"href":"https:\/\/french-and-france.com\/index.php?rest_route=\/wp\/v2\/posts\/36\/revisions"}],"wp:attachment":[{"href":"https:\/\/french-and-france.com\/index.php?rest_route=%2Fwp%2Fv2%2Fmedia&parent=36"}],"wp:term":[{"taxonomy":"category","embeddable":true,"href":"https:\/\/french-and-france.com\/index.php?rest_route=%2Fwp%2Fv2%2Fcategories&post=36"},{"taxonomy":"post_tag","embeddable":true,"href":"https:\/\/french-and-france.com\/index.php?rest_route=%2Fwp%2Fv2%2Ftags&post=36"}],"curies":[{"name":"wp","href":"https:\/\/api.w.org\/{rel}","templated":true}]}}