{"id":427,"date":"2025-05-12T18:37:09","date_gmt":"2025-05-12T09:37:09","guid":{"rendered":"https:\/\/french-and-france.com\/?p=427"},"modified":"2026-03-31T13:47:37","modified_gmt":"2026-03-31T04:47:37","slug":"on-vs-nous-in-french-how-to-choose-the-right-pronoun","status":"publish","type":"post","link":"https:\/\/french-and-france.com\/?p=427","title":{"rendered":"On vs Nous in French: How to Choose the Right Pronoun?"},"content":{"rendered":"\n<p class=\"has-black-color has-text-color has-link-color has-medium-font-size wp-elements-0e4a1bcb7cdb09df367b7aae9bfe70ef\">Are you hesitating between &#8220;<strong>on<\/strong>&#8221; and &#8220;<strong>nous<\/strong>&#8221; in French? This confusion is very common among French language learners. Although both pronouns can mean &#8220;we&#8221; in English, they aren&#8217;t used in the same contexts.<\/p>\n\n\n\n<h2 class=\"wp-block-heading\">What is the pronoun &#8220;on&#8221; in French?<\/h2>\n\n\n\n<h3 class=\"wp-block-heading\">Origin and definition<\/h3>\n\n\n\n<p class=\"has-medium-font-size\">The pronoun &#8220;<strong>on<\/strong>&#8221; comes from Latin &#8220;homo&#8221; (meaning &#8220;man&#8221; in the general sense). Grammatically, it&#8217;s an indefinite personal pronoun of the 3<sup>rd<\/sup> person singular. Despite being conjugated in the singular, it can represent a group of people.<\/p>\n\n\n\n<h3 class=\"wp-block-heading\">The different meanings of &#8220;on&#8221;<\/h3>\n\n\n\n<p class=\"has-black-color has-text-color has-link-color has-medium-font-size wp-elements-68a94e6d7944ad4e2fc47ca5d1af9802\">The pronoun &#8220;<strong>on<\/strong>&#8221; is very versatile in French and can represent:<\/p>\n\n\n\n<ol class=\"wp-block-list\">\n<li class=\"has-black-color has-text-color has-link-color has-medium-font-size wp-elements-1e13f7cb84f7118ad53e54efb0a42d5c\"><strong>&#8220;We&#8221; (informal)<\/strong> &#8211; Most common usage in everyday conversation\n<ul class=\"wp-block-list\">\n<li>&#8220;On va manger au restaurant ce soir.&#8221; \u2192 <em>We&#8217;re going to eat at a restaurant tonight.<\/em><\/li>\n<\/ul>\n<\/li>\n\n\n\n<li class=\"has-black-color has-text-color has-link-color has-medium-font-size wp-elements-9e45ca07a19e8efa6ed46623631dcc07\"><strong>&#8220;People&#8221; (general)<\/strong> &#8211; To talk about habits or generalities\n<ul class=\"wp-block-list\">\n<li>&#8220;En France, on mange vers 20h.&#8221; \u2192<em> In France, people eat around 8pm.<\/em><\/li>\n<\/ul>\n<\/li>\n\n\n\n<li class=\"has-black-color has-text-color has-link-color has-medium-font-size wp-elements-a9f49e4055e4071b9caf8919584cb6a1\"><strong>&#8220;Someone&#8221; (indefinite)<\/strong> &#8211; For an unidentified person\n<ul class=\"wp-block-list\">\n<li>&#8220;On a frapp\u00e9 \u00e0 la porte.&#8221; \u2192 <em>Someone knocked at the door.<\/em><\/li>\n<\/ul>\n<\/li>\n\n\n\n<li class=\"has-black-color has-text-color has-link-color has-medium-font-size wp-elements-b6a6a95d129204dcb66a8e593a08b057\"><strong>&#8220;<strong>Tu\/vous<\/strong> (you)&#8221; (instructions)<\/strong> &#8211; In directions or explanations\n<ul class=\"wp-block-list\">\n<li>&#8220;Comment on fait pour s&#8217;inscrire ?&#8221; \u2192 <em>How do you register?<\/em><\/li>\n<\/ul>\n<\/li>\n<\/ol>\n\n\n\n<h2 class=\"wp-block-heading\">When to use &#8220;nous&#8221; instead of &#8220;on&#8221;?<\/h2>\n\n\n\n<h3 class=\"wp-block-heading\">In formal contexts<\/h3>\n\n\n\n<p class=\"has-black-color has-text-color has-link-color has-medium-font-size wp-elements-1301e710c55663b46655967cd9172830\">&#8220;<strong>Nous<\/strong>&#8221; is preferred in formal situations such as:<\/p>\n\n\n\n<ul class=\"wp-block-list\">\n<li class=\"has-black-color has-text-color has-link-color has-medium-font-size wp-elements-9e3cb1947860cdb81bab37308a357c0e\">Les discours officiels \/ <em>Official speeches<\/em><\/li>\n\n\n\n<li class=\"has-black-color has-text-color has-link-color has-medium-font-size wp-elements-7b4d822dd4be139877fc78d87442ccfc\">Les entretiens d&#8217;embauche \/ <em>Job interviews<\/em><\/li>\n\n\n\n<li class=\"has-black-color has-text-color has-link-color has-medium-font-size wp-elements-7ee599ad0dbe08c7713880b4665629ca\">Les pr\u00e9sentations professionnelles \/ <em>Professional presentations<\/em><\/li>\n\n\n\n<li class=\"has-black-color has-text-color has-link-color has-medium-font-size wp-elements-1a5f5e7666b120284cd21d8c1eb3f027\">Les communications avec des sup\u00e9rieurs hi\u00e9rarchiques \/ <em>Communications with hierarchical superiors<\/em><\/li>\n<\/ul>\n\n\n\n<h3 class=\"wp-block-heading\">In writing<\/h3>\n\n\n\n<p class=\"has-black-color has-text-color has-link-color has-medium-font-size wp-elements-eb010e03eeec5269a1207ec3312bb2f9\">In formal written communication, &#8220;<strong>nous<\/strong>&#8221; remains the standard:<\/p>\n\n\n\n<ul class=\"wp-block-list\">\n<li class=\"has-black-color has-text-color has-link-color has-medium-font-size wp-elements-4ff4db55cfc776d7fec057c34f78a96d\">Lettres officielles \/ <em>Official letters<\/em><\/li>\n\n\n\n<li class=\"has-black-color has-text-color has-link-color has-medium-font-size wp-elements-d4f7853460c93709353467fdb9107a74\">Emails professionnels \/ <em>Professional emails<\/em><\/li>\n\n\n\n<li class=\"has-black-color has-text-color has-link-color has-medium-font-size wp-elements-829bdc380e91d1a78df737489a3b3cbd\">Rapports \/ <em>Reports<\/em><\/li>\n\n\n\n<li class=\"has-black-color has-text-color has-link-color has-medium-font-size wp-elements-0de45285b6dde1a4889c7dbcc679b95d\">Travaux acad\u00e9miques \/ <em>Academic works<\/em><\/li>\n\n\n\n<li class=\"has-black-color has-text-color has-link-color has-medium-font-size wp-elements-363b0f65179d9e54bd826a998aaa7fc0\">Articles de presse \/ <em>Press articles<\/em><\/li>\n<\/ul>\n\n\n\n<h3 class=\"wp-block-heading\">To emphasize the group<\/h3>\n\n\n\n<p class=\"has-medium-font-size\">&#8220;<strong>Nous<\/strong>&#8221; can be used to emphasize collective identity:<\/p>\n\n\n\n<ul class=\"wp-block-list\">\n<li class=\"has-black-color has-text-color has-link-color has-medium-font-size wp-elements-44e55fcd1297e5d64ef61307bfcf32bd\">&#8220;Nous, les Fran\u00e7ais, adorons le fromage.&#8221; \u2192 <em>&#8220;We, the French, love cheese.&#8221;<\/em><\/li>\n\n\n\n<li class=\"has-black-color has-text-color has-link-color has-medium-font-size wp-elements-b924b0c44448e02c2eb44e7cb9afd4f3\">&#8220;C&#8217;est nous qui avons r\u00e9alis\u00e9 ce projet.&#8221; \u2192 <em>&#8220;It&#8217;s us who completed this project.&#8221;<\/em><\/li>\n<\/ul>\n\n\n\n<h2 class=\"wp-block-heading\">Practical comparison with examples<\/h2>\n\n\n\n<figure class=\"wp-block-table has-medium-font-size\"><table class=\"has-black-color has-text-color has-link-color has-fixed-layout\"><thead><tr><th><strong>Situation<\/strong><\/th><th><strong>Avec &#8220;on&#8221; (informel)<\/strong><\/th><th>Ave<strong>c &#8220;nous&#8221; (formel)<\/strong><\/th><\/tr><\/thead><tbody><tr><td>Projets \/ Projects<\/td><td>On va faire un g\u00e2teau<\/td><td>Nous allons pr\u00e9parer un g\u00e2teau<\/td><\/tr><tr><td><\/td><td><em>We&#8217;re going to make a cake<\/em><\/td><td><em>We are going to prepare a cake<\/em><\/td><\/tr><tr><td>Opinions \/ Opinions<\/td><td>On pense que c&#8217;est une bonne id\u00e9e<\/td><td>Nous pensons que c&#8217;est une proposition int\u00e9ressante<\/td><\/tr><tr><td><\/td><td><em>We think it&#8217;s a good idea<\/em><\/td><td><em>We believe it is an interesting proposition<\/em><\/td><\/tr><tr><td>Actions pass\u00e9es \/ Past actions<\/td><td>On a visit\u00e9 le mus\u00e9e hier<\/td><td>Nous avons visit\u00e9 le mus\u00e9e hier<\/td><\/tr><tr><td><\/td><td><em>We visited the museum yesterday<\/em><\/td><td><em>We visited the museum yesterday<\/em><\/td><\/tr><tr><td>Questions \/ Questions<\/td><td>On part \u00e0 quelle heure ?<\/td><td>\u00c0 quelle heure partons-nous ?<\/td><\/tr><tr><td><\/td><td><em>What time are we leaving?<\/em><\/td><td><em>At what time are we departing?<\/em><\/td><\/tr><\/tbody><\/table><\/figure>\n\n\n\n<h3 class=\"wp-block-heading\">Same sentence, different register:<\/h3>\n\n\n\n<p class=\"has-black-color has-text-color has-link-color has-medium-font-size wp-elements-09b1143782a5e34e80efa15b63e68f11\">\ud83d\udde3\ufe0f Conversation between friends: <\/p>\n\n\n\n<p class=\"has-black-color has-text-color has-link-color has-medium-font-size wp-elements-97cc8030ab80f49aa626b5036bea485f\">&#8220;On a d\u00e9cid\u00e9 de d\u00e9m\u00e9nager \u00e0 Lyon l&#8217;ann\u00e9e prochaine.&#8221; <\/p>\n\n\n\n<p class=\"has-black-color has-text-color has-link-color has-medium-font-size wp-elements-c3273dd04b8d873f15c55783329b79e9\">\u2192 <em>&#8220;We&#8217;ve decided to move to Lyon next year.&#8221;<\/em><\/p>\n\n\n\n<p class=\"has-black-color has-text-color has-link-color has-medium-font-size wp-elements-daf6fdd98b44aaa83a203e5d3daa81ec\">\u270d\ufe0f Professional email: <\/p>\n\n\n\n<p class=\"has-black-color has-text-color has-link-color has-medium-font-size wp-elements-5f7c941d6baeddb2661ba14a5ebf4c32\">&#8220;Nous avons d\u00e9cid\u00e9 de transf\u00e9rer notre si\u00e8ge social \u00e0 Lyon l&#8217;ann\u00e9e prochaine.&#8221; <\/p>\n\n\n\n<p class=\"has-black-color has-text-color has-link-color has-medium-font-size wp-elements-2ab9a5df10596b7cc1ef78e9fe3120ae\">\u2192 <em>&#8220;We have decided to transfer our headquarters to Lyon next year.&#8221;<\/em><\/p>\n\n\n\n<h3 class=\"wp-block-heading\">Idiomatic expressions with &#8220;on&#8221;<\/h3>\n\n\n\n<p class=\"has-black-color has-text-color has-link-color has-medium-font-size wp-elements-2a0ac442ef23cb1efe4a0d8f0a5f8a7c\">These common expressions almost always use &#8220;<strong>on<\/strong>&#8221; and rarely &#8220;<strong>nous<\/strong>&#8220;:<\/p>\n\n\n\n<ul class=\"wp-block-list\">\n<li class=\"has-black-color has-text-color has-link-color has-medium-font-size wp-elements-9088df9024a8df41e7efb11ab5d155cf\">&#8220;On y va !&#8221; \u2192 <em>&#8220;Let&#8217;s go!&#8221;<\/em><\/li>\n\n\n\n<li class=\"has-black-color has-text-color has-link-color has-medium-font-size wp-elements-5b2866c9d3138a2924d60894de257338\">&#8220;On verra bien.&#8221; \u2192 <em>&#8220;We&#8217;ll see.&#8221;<\/em><\/li>\n\n\n\n<li class=\"has-black-color has-text-color has-link-color has-medium-font-size wp-elements-bdebacef75ee62cad21e79cbbd6cfae9\">&#8220;Comment on dit&#8230; ?&#8221; \u2192 <em>&#8220;How do you say&#8230;?&#8221;<\/em><\/li>\n\n\n\n<li class=\"has-black-color has-text-color has-link-color has-medium-font-size wp-elements-4fe8dde54d2cbed07e8111ff390f52e6\">&#8220;On se calme !&#8221; \u2192 <em>&#8220;Let&#8217;s calm down!&#8221;<\/em><\/li>\n\n\n\n<li class=\"has-black-color has-text-color has-link-color has-medium-font-size wp-elements-ef2fd85cd1d92df84c64006e4629a6b2\">&#8220;On se retrouve \u00e0 18h.&#8221; \u2192 <em>&#8220;Let&#8217;s meet at 6pm.&#8221;<\/em><\/li>\n<\/ul>\n\n\n\n<h2 class=\"wp-block-heading\">Important points to remember<\/h2>\n\n\n\n<h3 class=\"wp-block-heading\">Conjugation with &#8220;on&#8221;<\/h3>\n\n\n\n<p class=\"has-black-color has-text-color has-link-color has-medium-font-size wp-elements-ac6565a0f33eda7ae877a6db79da6693\">Even if &#8220;<strong>on<\/strong>&#8221; represents several people, the verb is always conjugated in the 3<sup>rd<\/sup> person singular:<\/p>\n\n\n\n<ul class=\"wp-block-list\">\n<li class=\"has-black-color has-text-color has-link-color has-medium-font-size wp-elements-a82803316caf2b0fc9e60653eae8c768\">\u2713 &#8220;On mange au restaurant.&#8221; \u2192 <em>&#8220;We&#8217;re eating at the restaurant.&#8221;<\/em><\/li>\n\n\n\n<li class=\"has-black-color has-text-color has-link-color has-medium-font-size wp-elements-fbbb5b5dac2407893de80e293ed664c4\">\u2717 &#8220;On mangons au restaurant.&#8221; \u2192 Incorrect!<\/li>\n<\/ul>\n\n\n\n<h3 class=\"wp-block-heading\">Agreement of adjectives<\/h3>\n\n\n\n<p class=\"has-black-color has-text-color has-link-color has-medium-font-size wp-elements-81e02c45b8a6dc81179d51d458c13b6a\">When &#8220;<strong>on<\/strong>&#8221; replaces &#8220;<strong>nous<\/strong>&#8220;, adjectives and past participles generally agree in the plural:<\/p>\n\n\n\n<ul class=\"wp-block-list\">\n<li class=\"has-black-color has-text-color has-link-color has-medium-font-size wp-elements-6c396838c69bb80d59167d6e60c84c13\">&#8220;On est partis en vacances.&#8221; \u2192 <em>&#8220;We went on vacation.&#8221;<\/em><\/li>\n\n\n\n<li class=\"has-black-color has-text-color has-link-color has-medium-font-size wp-elements-902882288cf1b847888f21c153652495\">&#8220;On est contents de vous voir.&#8221; \u2192 <em>&#8220;We are happy to see you.&#8221;<\/em><\/li>\n<\/ul>\n\n\n\n<h3 class=\"wp-block-heading\">Pronunciation and liaisons<\/h3>\n\n\n\n<p class=\"has-black-color has-text-color has-link-color has-medium-font-size wp-elements-dd5338570e70fd58291911266f7d0c80\">The liaison is mandatory between &#8220;<strong>on<\/strong>&#8221; and a verb beginning with a vowel:<\/p>\n\n\n\n<ul class=\"wp-block-list\">\n<li class=\"has-black-color has-text-color has-link-color has-medium-font-size wp-elements-3a3f8cf8ee319f154791abbb2c85e762\">&#8220;on\u203fa&#8221; (prononc\u00e9 &#8220;ona&#8221;) \u2192 <em>&#8220;we have&#8221;<\/em><\/li>\n\n\n\n<li class=\"has-black-color has-text-color has-link-color has-medium-font-size wp-elements-2e4b711324eb9ca119badaef16c18488\">&#8220;on\u203fest&#8221; (prononc\u00e9 &#8220;on\u00e8&#8221;) \u2192 <em>&#8220;we are&#8221;<\/em><\/li>\n\n\n\n<li class=\"has-black-color has-text-color has-link-color has-medium-font-size wp-elements-39a6b04ba2a8e9ea3eeecd329cfe3fc8\">&#8220;on\u203farrive&#8221; (prononc\u00e9 &#8220;onariv&#8221;) \u2192<em> &#8220;we&#8217;re coming&#8221;<\/em><\/li>\n<\/ul>\n\n\n\n<h2 class=\"wp-block-heading\">Practical exercises<\/h2>\n\n\n\n<p class=\"has-black-color has-text-color has-link-color has-medium-font-size wp-elements-fc30cbf3415b0f80fef0da9ef55864b5\">Transform these sentences with &#8220;<strong>nous<\/strong>&#8221; using &#8220;<strong>on<\/strong>&#8221; for a more conversational style:<\/p>\n\n\n\n<ol class=\"wp-block-list\">\n<li class=\"has-black-color has-text-color has-link-color has-medium-font-size wp-elements-e85cc9a83047da7b5a0d6664c9faa05d\">Nous allons au cin\u00e9ma ce soir. \/ <em>We are going to the cinema tonight.<\/em><\/li>\n\n\n\n<li class=\"has-black-color has-text-color has-link-color has-medium-font-size wp-elements-59a8884d048829a6eb2fb309d76790e8\">Nous sommes fatigu\u00e9s apr\u00e8s cette longue journ\u00e9e. \/ <em>We are tired after this long day.<\/em><\/li>\n\n\n\n<li class=\"has-black-color has-text-color has-link-color has-medium-font-size wp-elements-6d47c300f889e6dbc8f45a33af1cd54c\">Nous avons mang\u00e9 dans ce restaurant la semaine derni\u00e8re. \/ <em>We ate at this restaurant last week.<\/em><\/li>\n\n\n\n<li class=\"has-black-color has-text-color has-link-color has-medium-font-size wp-elements-171875530c5da9e05288ac46b83e1df0\">Nous aimerions vous inviter \u00e0 d\u00eener. \/ <em>We would like to invite you to dinner.<\/em><\/li>\n\n\n\n<li class=\"has-black-color has-text-color has-link-color has-medium-font-size wp-elements-81cb4d372c13fea3774c0cdaeee5929d\">\u00c0 quelle heure partons-nous demain ? \/ <em>What time are we leaving tomorrow?<\/em><\/li>\n<\/ol>\n\n\n\n<p>&lt;details&gt; &lt;summary&gt;Voir les r\u00e9ponses \/ See the answers&lt;\/summary&gt;<\/p>\n\n\n\n<ol class=\"wp-block-list\">\n<li class=\"has-black-color has-text-color has-link-color has-medium-font-size wp-elements-834cf8e79cf67086c46943c6d8f9ec3b\">On va au cin\u00e9ma ce soir. \/ <em>We&#8217;re going to the cinema tonight.<\/em><\/li>\n\n\n\n<li class=\"has-black-color has-text-color has-link-color has-medium-font-size wp-elements-d6bf984aa79bd69c838e27de59eed654\">On est fatigu\u00e9s apr\u00e8s cette longue journ\u00e9e. \/ <em>We&#8217;re tired after this long day.<\/em><\/li>\n\n\n\n<li class=\"has-black-color has-text-color has-link-color has-medium-font-size wp-elements-8e275a768ccf47d83af3e6e31daf6cba\">On a mang\u00e9 dans ce restaurant la semaine derni\u00e8re. \/ <em>We ate at this restaurant last week.<\/em><\/li>\n\n\n\n<li class=\"has-black-color has-text-color has-link-color has-medium-font-size wp-elements-e0dde8f242661af06bff617127a8f555\">On aimerait vous inviter \u00e0 d\u00eener. \/ <em>We&#8217;d like to invite you to dinner.<\/em><\/li>\n\n\n\n<li class=\"has-black-color has-text-color has-link-color has-medium-font-size wp-elements-3eb0e54cb9382804ccea6f598fc19b0e\">On part \u00e0 quelle heure demain ? \/ <em>What time are we leaving tomorrow?<\/em><\/li>\n<\/ol>\n\n\n\n<p>&lt;\/details&gt;<\/p>\n\n\n\n<h2 class=\"wp-block-heading\">Summary: when to choose &#8220;on&#8221; or &#8220;nous&#8221;?<\/h2>\n\n\n\n<ul class=\"wp-block-list\">\n<li><strong>Choisissez &#8220;on&#8221;<\/strong> pour : \/ <strong>Choose &#8220;on&#8221;<\/strong> for:\n<ul class=\"wp-block-list\">\n<li class=\"has-black-color has-text-color has-link-color has-medium-font-size wp-elements-9f1dafea336ea44ce67ea1ebb11c2758\">Les conversations quotidiennes \/ <em>Everyday conversations<\/em><\/li>\n\n\n\n<li class=\"has-black-color has-text-color has-link-color has-medium-font-size wp-elements-5a7d39fda45515780cddfd8fd29724bc\">La communication informelle \/ <em>Informal communication<\/em><\/li>\n\n\n\n<li class=\"has-black-color has-text-color has-link-color has-medium-font-size wp-elements-61d296619cfb651bb97a89ac1099f237\">L&#8217;expression orale authentique \/ <em>Authentic spoken expression<\/em><\/li>\n\n\n\n<li class=\"has-black-color has-text-color has-link-color has-medium-font-size wp-elements-bc014f6a177d5e7c223fc2e6ca9498d0\">Les messages \u00e0 des amis ou proches \/ <em>Messages to friends or family<\/em><\/li>\n<\/ul>\n<\/li>\n\n\n\n<li class=\"has-black-color has-text-color has-link-color has-medium-font-size wp-elements-7faa0cc251d35abb57540effe32b864b\"><strong>Privil\u00e9giez &#8220;nous&#8221;<\/strong> pour : \/ <strong>Favor &#8220;nous&#8221;<\/strong> for:\n<ul class=\"wp-block-list\">\n<li class=\"has-black-color has-text-color has-link-color has-medium-font-size wp-elements-47884f072de8f92fbb579db76240f8c5\">L&#8217;\u00e9crit formel \/<em> Formal writing<\/em><\/li>\n\n\n\n<li class=\"has-black-color has-text-color has-link-color has-medium-font-size wp-elements-94e0190b8260739e269b716927173610\">Les situations professionnelles \/ <em>Professional situations<\/em><\/li>\n\n\n\n<li class=\"has-black-color has-text-color has-link-color has-medium-font-size wp-elements-6b91e477895b1479622f82e25a3cf9af\">Les pr\u00e9sentations officielles \/ <em>Official presentations<\/em><\/li>\n\n\n\n<li class=\"has-black-color has-text-color has-link-color has-medium-font-size wp-elements-3b75f38b71ab8555025947d349e26137\">Insister sur l&#8217;identit\u00e9 du groupe \/ <em>Emphasizing group identity<\/em><\/li>\n<\/ul>\n<\/li>\n<\/ul>\n\n\n\n<p class=\"has-black-color has-luminous-vivid-amber-background-color has-text-color has-background has-link-color has-medium-font-size wp-elements-6f679ae5facbf7e10a2a2b96f93140db\">Mastering the difference between &#8220;<strong>on<\/strong>&#8221; and &#8220;<strong>nous<\/strong>&#8221; will allow you to express yourself more naturally in French and adapt your language according to the context. It&#8217;s an important step to speaking like a native!<\/p>\n\n\n\n<figure class=\"wp-block-image\"><img data-recalc-dims=\"1\" loading=\"lazy\" decoding=\"async\" width=\"800\" height=\"533\" src=\"https:\/\/i0.wp.com\/french-and-france.com\/wp-content\/uploads\/2025\/05\/nous_vs_on-1.jpg?resize=800%2C533&#038;ssl=1\" alt=\"Using \u201con\u201d vs. \u201cnous\u201d in French\" class=\"wp-image-433\" srcset=\"https:\/\/i0.wp.com\/french-and-france.com\/wp-content\/uploads\/2025\/05\/nous_vs_on-1.jpg?w=800&amp;ssl=1 800w, https:\/\/i0.wp.com\/french-and-france.com\/wp-content\/uploads\/2025\/05\/nous_vs_on-1.jpg?resize=300%2C200&amp;ssl=1 300w, https:\/\/i0.wp.com\/french-and-france.com\/wp-content\/uploads\/2025\/05\/nous_vs_on-1.jpg?resize=768%2C512&amp;ssl=1 768w\" sizes=\"auto, (max-width: 800px) 100vw, 800px\" \/><\/figure>\n\n\n\n<hr class=\"wp-block-separator has-alpha-channel-opacity\"\/>\n\n\n\n<p class=\"has-black-color has-text-color has-link-color has-medium-font-size wp-elements-8e81f700328f08b7b0e22cd05c83a895\"><strong>Do you have questions about using &#8220;on&#8221; and &#8220;nous&#8221;? Share your examples or difficulties in the comments below!<\/strong><\/p>\n\n\n\n<hr class=\"wp-block-separator has-alpha-channel-opacity\"\/>\n\n\n\n<!-- DEBUT DU CTA LE CHAPEAU D'A -->\n<style>\n    .lcda-cta-container {\n        display: flex;\n        flex-direction: column;\n        background: linear-gradient(135deg, #fff7ed 0%, #ffedd5 100%);\n        border: 2px solid #fdba74;\n        border-radius: 16px;\n        padding: 24px;\n        margin: 40px 0;\n        box-shadow: 0 4px 6px -1px rgba(249, 115, 22, 0.1), 0 2px 4px -1px rgba(249, 115, 22, 0.06);\n        font-family: 'Segoe UI', Roboto, Helvetica, Arial, sans-serif;\n        color: #334155;\n        text-align: center;\n    }\n    \n    \/* Layout pour Desktop *\/\n    @media (min-width: 640px) {\n        .lcda-cta-container {\n            flex-direction: row;\n            align-items: center;\n            text-align: left;\n            padding: 32px;\n        }\n    }\n\n    .lcda-cta-image {\n        width: 100px;\n        height: 100px;\n        border-radius: 50%;\n        object-fit: cover;\n        margin: 0 auto 16px auto;\n        border: 3px solid #f97316;\n        box-shadow: 0 4px 10px rgba(249, 115, 22, 0.2);\n    }\n\n    @media (min-width: 640px) {\n        .lcda-cta-image {\n            margin: 0 24px 0 0;\n            width: 120px;\n            height: 120px;\n        }\n    }\n\n    .lcda-cta-content {\n        flex: 1;\n    }\n\n    .lcda-cta-title {\n        font-size: 1.35rem !important;\n        font-weight: 700 !important;\n        color: #0f172a !important;\n        margin: 0 0 8px 0 !important;\n        border: none !important;\n        padding: 0 !important;\n    }\n\n    .lcda-cta-text {\n        font-size: 1rem !important;\n        line-height: 1.6 !important;\n        margin: 0 0 20px 0 !important;\n        color: #475569 !important;\n    }\n\n    .lcda-cta-button {\n        display: inline-block;\n        background: linear-gradient(135deg, #f97316 0%, #ea580c 100%);\n        color: #ffffff !important;\n        text-decoration: none !important;\n        font-weight: 600;\n        font-size: 1.05rem;\n        padding: 12px 28px;\n        border-radius: 9999px;\n        transition: all 0.2s ease-in-out;\n        box-shadow: 0 4px 14px 0 rgba(249, 115, 22, 0.39);\n    }\n\n    .lcda-cta-button:hover {\n        transform: translateY(-2px);\n        box-shadow: 0 6px 20px rgba(249, 115, 22, 0.23);\n        background: linear-gradient(135deg, #ea580c 0%, #c2410c 100%);\n    }\n<\/style>\n\n<div class=\"lcda-cta-container\">\n    <!-- Remplace \"french_teacher.jpg\" par l'URL d'une autre image si tu pr\u00e9f\u00e8res -->\n    <img data-recalc-dims=\"1\" decoding=\"async\" src=\"https:\/\/i0.wp.com\/www.le-chapeauda.com\/french_teacher.jpg?w=900&#038;ssl=1\" alt=\"Herv\u00e9 - French Teacher\" class=\"lcda-cta-image\">\n    \n    <div class=\"lcda-cta-content\">\n        <h3 class=\"lcda-cta-title\">Ready to take your French to the next level?<\/h3>\n        <p class=\"lcda-cta-text\">\n            Hi, I&#8217;m Herv\u00e9! I offer personalized, 1-on-1 online French lessons tailored to your goals. Whether you want to boost your conversation skills or pass your next DELF exam, let&#8217;s achieve fluency together.\n        <\/p>\n        <a href=\"https:\/\/www.le-chapeauda.com\/?lang=en#lessons\" target=\"_blank\" rel=\"noopener noreferrer\" class=\"lcda-cta-button\">\n            Book a Trial Lesson\n        <\/a>\n    <\/div>\n<\/div>\n<!-- FIN DU CTA LE CHAPEAU D'A -->\n","protected":false},"excerpt":{"rendered":"<p>Are you hesitating between &#8220;on&#8221; and &#8220;nous&#8221; in French? This confusion is very common among French language learners. Although both pronouns can mean &#8220;we&#8221; in [&#8230;]<\/p>\n","protected":false},"author":1,"featured_media":0,"comment_status":"open","ping_status":"closed","sticky":false,"template":"","format":"standard","meta":{"_jetpack_memberships_contains_paid_content":false,"footnotes":""},"categories":[67,30,16,7],"tags":[112,109,146,107,147,119],"class_list":["post-427","post","type-post","status-publish","format-standard","hentry","category-beginners","category-grammar","category-intermediate","category-vocabulary","tag-beginner","tag-french-grammar","tag-french-pronouns","tag-intermediate","tag-on-vs-nous","tag-vocabulary"],"aioseo_notices":[],"jetpack_featured_media_url":"","jetpack_sharing_enabled":true,"_links":{"self":[{"href":"https:\/\/french-and-france.com\/index.php?rest_route=\/wp\/v2\/posts\/427","targetHints":{"allow":["GET"]}}],"collection":[{"href":"https:\/\/french-and-france.com\/index.php?rest_route=\/wp\/v2\/posts"}],"about":[{"href":"https:\/\/french-and-france.com\/index.php?rest_route=\/wp\/v2\/types\/post"}],"author":[{"embeddable":true,"href":"https:\/\/french-and-france.com\/index.php?rest_route=\/wp\/v2\/users\/1"}],"replies":[{"embeddable":true,"href":"https:\/\/french-and-france.com\/index.php?rest_route=%2Fwp%2Fv2%2Fcomments&post=427"}],"version-history":[{"count":3,"href":"https:\/\/french-and-france.com\/index.php?rest_route=\/wp\/v2\/posts\/427\/revisions"}],"predecessor-version":[{"id":509,"href":"https:\/\/french-and-france.com\/index.php?rest_route=\/wp\/v2\/posts\/427\/revisions\/509"}],"wp:attachment":[{"href":"https:\/\/french-and-france.com\/index.php?rest_route=%2Fwp%2Fv2%2Fmedia&parent=427"}],"wp:term":[{"taxonomy":"category","embeddable":true,"href":"https:\/\/french-and-france.com\/index.php?rest_route=%2Fwp%2Fv2%2Fcategories&post=427"},{"taxonomy":"post_tag","embeddable":true,"href":"https:\/\/french-and-france.com\/index.php?rest_route=%2Fwp%2Fv2%2Ftags&post=427"}],"curies":[{"name":"wp","href":"https:\/\/api.w.org\/{rel}","templated":true}]}}